{"id":32080,"date":"2026-01-15T09:39:00","date_gmt":"2026-01-15T08:39:00","guid":{"rendered":"https:\/\/vereinwelle.ch\/?p=32080"},"modified":"2026-01-21T15:54:19","modified_gmt":"2026-01-21T14:54:19","slug":"le-president-du-parlement-de-lue-demande-un-soutien-urgent-aux-manifestants-pacifiques-en-iran","status":"publish","type":"post","link":"https:\/\/vereinwelle.ch\/fr\/eu-parliament-president-calls-for-urgent-support-for-peaceful-protesters-in-iran\/","title":{"rendered":"Le pr\u00e9sident du Parlement europ\u00e9en appelle \u00e0 soutenir d'urgence les manifestants pacifiques en Iran"},"content":{"rendered":"<p>Dans le cadre d'une initiative historique visant \u00e0 rem\u00e9dier aux <strong>violations des droits de l'homme en Iran<\/strong>, <a href=\"https:\/\/the-president.europarl.europa.eu\/fr\/home\/ep-newsroom\/pagecontent\/actualites\/parliament-honours-the-bravery-and-courage-of-the-people-of-iran.html\" data-type=\"link\" data-id=\"https:\/\/the-president.europarl.europa.eu\/fr\/home\/ep-newsroom\/pagecontent\/actualites\/parliament-honours-the-bravery-and-courage-of-the-people-of-iran.html\" target=\"_blank\" rel=\"noopener\">Parlement europ\u00e9en <\/a>La pr\u00e9sidente Roberta Metsola a officiellement interdit \u00e0 tous les repr\u00e9sentants du r\u00e9gime de T\u00e9h\u00e9ran d'entrer dans les locaux du Parlement europ\u00e9en. D\u00e9clarant qu'il ne pouvait y avoir de \u201cbusiness as usual\u201d, Mme Metsola a soulign\u00e9 que l'UE ne participerait plus \u00e0 la l\u00e9gitimation d'un dirigeant qui maintient son pouvoir par la violence.<\/p>\n\n\n\n<h2 class=\"wp-block-heading\">\u201cPas d'affaires comme d'habitude\u201d : bannir le r\u00e9gime du parlement de l'UE<\/h2>\n\n\n\n<p>La d\u00e9cision de la pr\u00e9sidente Roberta Metsola d'interdire l'acc\u00e8s \u00e0 des fonctionnaires iraniens est une r\u00e9ponse directe \u00e0 la r\u00e9pression brutale des citoyens qui luttent pour leur libert\u00e9. Par l'interm\u00e9diaire de ses r\u00e9seaux sociaux, elle a adress\u00e9 un message ferme \u00e0 la communaut\u00e9 internationale :<\/p>\n\n\n\n<p>\u201cLe r\u00e9gime cl\u00e9rical iranien se maintient au pouvoir par la torture, l'oppression et le meurtre. Cette maison ne contribuera pas \u00e0 la l\u00e9gitimation d'un r\u00e9gime qui supprime syst\u00e9matiquement la communication, t\u00e9moignant ainsi de la peur profonde qu'il \u00e9prouve \u00e0 l'\u00e9gard de son propre peuple\u201d.\u201d<\/p>\n\n\n\n<p>En fermant les portes du Parlement europ\u00e9en au r\u00e9gime, Metsola a \u00e9tabli une nouvelle norme en mati\u00e8re de responsabilit\u00e9 diplomatique, exhortant les institutions europ\u00e9ennes \u00e0 cesser de traiter la crise comme une question secondaire.<\/p>\n\n\n\n<h2 class=\"wp-block-heading\">2026 : l'ann\u00e9e de la fin des dictatures<\/h2>\n\n\n\n<p>Lors d'une r\u00e9cente interview avec <em>Euronews<\/em>, Metsola a partag\u00e9 une vision audacieuse pour l'ann\u00e9e en cours, d\u00e9clarant que le temps de la survie du r\u00e9gime \u00e9tait \u00e9coul\u00e9.<\/p>\n\n\n\n<p>\u201cNous pensons que <strong>2026 devrait \u00eatre l'ann\u00e9e de la fin des dictatures<\/strong>,Elle a fait remarquer que l'Union europ\u00e9enne devait faire preuve de force, de coh\u00e9rence et d'un engagement renouvel\u00e9 envers les principes de libert\u00e9. Elle a exhort\u00e9 l'Union europ\u00e9enne \u00e0 faire preuve de force, de coh\u00e9rence et d'un engagement renouvel\u00e9 en faveur des principes de libert\u00e9. Selon Mme Metsola, la qu\u00eate de la libert\u00e9 n'est pas seulement un espoir, mais une \u201ddemande justifi\u00e9e et n\u00e9cessaire\u201c que le monde doit soutenir activement en 2026.<\/p>\n\n\n\n<h2 class=\"wp-block-heading\">Honorer le courage des femmes, des jeunes filles et des \u00e9tudiants<\/h2>\n\n\n\n<p>Le pr\u00e9sident Metsola a \u00e9galement adress\u00e9 un puissant message d'encouragement aux Iraniens qui se trouvent en premi\u00e8re ligne, en particulier aux femmes, aux jeunes filles, aux \u00e9tudiants et aux hommes qui continuent de risquer leur vie.<\/p>\n\n\n\n<p>Elle a soulign\u00e9 les points cl\u00e9s suivants du mouvement :<\/p>\n\n\n\n<ul class=\"wp-block-list\">\n<li><strong>Le droit inali\u00e9nable \u00e0 la libert\u00e9 :<\/strong> Un droit humain fondamental qui ne peut plus \u00eatre supprim\u00e9 par la force de l'\u00c9tat.<\/li>\n\n\n\n<li><strong>La r\u00e9silience des jeunes :<\/strong> Il faut saluer la jeune g\u00e9n\u00e9ration qui se bat pour la dignit\u00e9 et les droits de l'homme malgr\u00e9 la menace constante de la violence.<\/li>\n\n\n\n<li><strong>Changement syst\u00e9mique :<\/strong> La reconnaissance du fait que le mouvement ne se limite pas \u00e0 des r\u00e9formes isol\u00e9es, mais qu'il s'agit d'une transformation fondamentale de la soci\u00e9t\u00e9.<\/li>\n<\/ul>\n\n\n\n<h2 class=\"wp-block-heading\">Un appel \u00e0 la pression diplomatique et \u00e0 l'action imm\u00e9diate<\/h2>\n\n\n\n<p>Au-del\u00e0 des gestes symboliques, la pr\u00e9sidente du Parlement europ\u00e9en demande aux \u00c9tats membres de l'UE de changer concr\u00e8tement de politique. Ses demandes portent notamment sur les points suivants<\/p>\n\n\n\n<ol class=\"wp-block-list\">\n<li><strong>L'arr\u00eat imm\u00e9diat de la violence :<\/strong> Mettre fin \u00e0 la force meurtri\u00e8re utilis\u00e9e par l'appareil de s\u00e9curit\u00e9 du r\u00e9gime.<\/li>\n\n\n\n<li><strong>Lib\u00e9ration de tous les prisonniers politiques :<\/strong> Libert\u00e9 pour les personnes injustement d\u00e9tenues lors des manifestations.<\/li>\n\n\n\n<li><strong>Pression diplomatique accrue :<\/strong> Exhorter les gouvernements de l'UE \u00e0 aller au-del\u00e0 des mots et \u00e0 mettre en \u0153uvre des mesures efficaces contre T\u00e9h\u00e9ran.<\/li>\n<\/ol>\n\n\n\n<p>Metsola a soulign\u00e9 la \u201cresponsabilit\u00e9 urgente\u201d de l'Europe d'agir. La documentation de <strong>violations des droits de l'homme en Iran<\/strong> est essentielle, mais elle doit \u00eatre suivie de mesures politiques et diplomatiques d\u00e9cisives pour que les auteurs de ces actes r\u00e9pondent de leurs actes.<\/p>","protected":false},"excerpt":{"rendered":"<p>In a historic move to address ongoing human rights violations in Iran, European Parliament President Roberta Metsola has officially banned all representatives of the Tehran regime from entering European Parliament premises. Declaring that there can be &#8220;no business as usual,&#8221; Metsola emphasized that the EU will no longer participate in the legitimization of a leadership [&hellip;]<\/p>\n","protected":false},"author":1,"featured_media":32089,"comment_status":"open","ping_status":"open","sticky":false,"template":"","format":"standard","meta":{"footnotes":""},"categories":[30,82],"tags":[],"class_list":["post-32080","post","type-post","status-publish","format-standard","has-post-thumbnail","hentry","category-news","category-international-human-rights-advocacy"],"_links":{"self":[{"href":"https:\/\/vereinwelle.ch\/fr\/wp-json\/wp\/v2\/posts\/32080","targetHints":{"allow":["GET"]}}],"collection":[{"href":"https:\/\/vereinwelle.ch\/fr\/wp-json\/wp\/v2\/posts"}],"about":[{"href":"https:\/\/vereinwelle.ch\/fr\/wp-json\/wp\/v2\/types\/post"}],"author":[{"embeddable":true,"href":"https:\/\/vereinwelle.ch\/fr\/wp-json\/wp\/v2\/users\/1"}],"replies":[{"embeddable":true,"href":"https:\/\/vereinwelle.ch\/fr\/wp-json\/wp\/v2\/comments?post=32080"}],"version-history":[{"count":2,"href":"https:\/\/vereinwelle.ch\/fr\/wp-json\/wp\/v2\/posts\/32080\/revisions"}],"predecessor-version":[{"id":32091,"href":"https:\/\/vereinwelle.ch\/fr\/wp-json\/wp\/v2\/posts\/32080\/revisions\/32091"}],"wp:featuredmedia":[{"embeddable":true,"href":"https:\/\/vereinwelle.ch\/fr\/wp-json\/wp\/v2\/media\/32089"}],"wp:attachment":[{"href":"https:\/\/vereinwelle.ch\/fr\/wp-json\/wp\/v2\/media?parent=32080"}],"wp:term":[{"taxonomy":"category","embeddable":true,"href":"https:\/\/vereinwelle.ch\/fr\/wp-json\/wp\/v2\/categories?post=32080"},{"taxonomy":"post_tag","embeddable":true,"href":"https:\/\/vereinwelle.ch\/fr\/wp-json\/wp\/v2\/tags?post=32080"}],"curies":[{"name":"wp","href":"https:\/\/api.w.org\/{rel}","templated":true}]}}