{"id":32097,"date":"2026-01-26T15:13:06","date_gmt":"2026-01-26T14:13:06","guid":{"rendered":"https:\/\/vereinwelle.ch\/?p=32097"},"modified":"2026-01-26T15:13:08","modified_gmt":"2026-01-26T14:13:08","slug":"la-resolution-du-parlement-de-lue-est-une-position-historique-contre-les-violations-des-droits-de-lhomme-en-iran","status":"publish","type":"post","link":"https:\/\/vereinwelle.ch\/fr\/eu-parliament-resolution-a-historic-stand-against-human-rights-violations-in-iran\/","title":{"rendered":"R\u00e9solution du Parlement europ\u00e9en : une position historique contre les violations des droits de l'homme en Iran"},"content":{"rendered":"<p>Dans un geste d\u00e9cisif qui marque un durcissement de sa position \u00e0 l'\u00e9gard de T\u00e9h\u00e9ran, le Parlement europ\u00e9en a adopt\u00e9 une r\u00e9solution de grande envergure condamnant la r\u00e9pression brutale du r\u00e9gime iranien contre l'agitation civile. Adopt\u00e9e \u00e0 une majorit\u00e9 \u00e9crasante, la r\u00e9solution demande explicitement que le Corps des gardiens de la r\u00e9volution islamique (CGRI) soit officiellement d\u00e9sign\u00e9 comme organisation terroriste par l'Union europ\u00e9enne, ce que les manifestants en Iran et la diaspora mondiale r\u00e9clament depuis longtemps.<\/p>\n\n\n\n<h2 class=\"wp-block-heading\">Un vote \u00e9crasant en faveur de la responsabilit\u00e9<\/h2>\n\n\n\n<p>Le 22 janvier 2026, les l\u00e9gislateurs europ\u00e9ens ont vot\u00e9 <strong>562 \u00e0 9<\/strong> (avec 57 abstentions) pour adopter la r\u00e9solution. Ce consensus quasi unanime refl\u00e8te l'horreur croissante que suscite l'escalade de la violence dans l'ensemble de l'\u00e9chiquier politique.<\/p>\n\n\n\n<p>La d\u00e9claration du Parlement n'a pas m\u00e2ch\u00e9 ses mots, accusant les dirigeants d'Ali Khamenei d'\u00eatre pass\u00e9s de la r\u00e9pression \u00e0 une \u201ccampagne calcul\u00e9e de massacre\u201d.\u201d<\/p>\n\n\n\n<blockquote class=\"wp-block-quote is-layout-flow wp-block-quote-is-layout-flow\">\n<p>\u201cLe meurtre de milliers de manifestants indique un changement terrifiant dans la politique de r\u00e9pression du r\u00e9gime : de la dissuasion \u00e0 l'\u00e9limination strat\u00e9gique.\u201d<\/p>\n<\/blockquote>\n\n\n\n<h2 class=\"wp-block-heading\">Principales demandes : D\u00e9signation de l'IRGC comme organisation terroriste et sanctions cibl\u00e9es<\/h2>\n\n\n\n<p>Le c\u0153ur de la r\u00e9solution est un mandat urgent pour que le Conseil europ\u00e9en prenne des mesures punitives. Le Parlement exige :<\/p>\n\n\n\n<ul class=\"wp-block-list\">\n<li><strong>D\u00e9signation du terroriste :<\/strong> La classification imm\u00e9diate de la <strong>IRGC<\/strong>, Les forces paramilitaires Basij et la Force Quds sont consid\u00e9r\u00e9es comme des entit\u00e9s terroristes.<\/li>\n\n\n\n<li><strong>Sanctions \u00e9largies :<\/strong> \u00c9largissement des mesures restrictives pour inclure un gel strict des avoirs et des interdictions de visa pour tous les fonctionnaires responsables de <strong>violations des droits de l'homme en Iran<\/strong>.<\/li>\n\n\n\n<li><strong>Alignement global :<\/strong> Les l\u00e9gislateurs ont salu\u00e9 les r\u00e9centes sanctions prises par les \u00c9tats-Unis et ont exhort\u00e9 l'UE \u00e0 agir avec la m\u00eame rapidit\u00e9 et la m\u00eame s\u00e9v\u00e9rit\u00e9 \u00e0 l'encontre des institutions du r\u00e9gime.<\/li>\n<\/ul>\n\n\n\n<h2 class=\"wp-block-heading\">Demander justice pour les manifestants en Iran<\/h2>\n\n\n\n<p>La r\u00e9solution souligne des d\u00e9cennies d\u201c\u201doppression syst\u00e9matique\" \u00e0 l'encontre des femmes, des d\u00e9fenseurs des droits de l'homme et des dissidents politiques. Un \u00e9l\u00e9ment essentiel du texte est la demande de <strong>acc\u00e8s sans entrave<\/strong> pour la mission d'enqu\u00eate des Nations unies.<\/p>\n\n\n\n<p>Les l\u00e9gislateurs demandent une enqu\u00eate approfondie :<\/p>\n\n\n\n<ol class=\"wp-block-list\">\n<li>Massacres et disparitions forc\u00e9es.<\/li>\n\n\n\n<li>Des rapports document\u00e9s font \u00e9tat de tortures et de viols dans les centres de d\u00e9tention.<\/li>\n\n\n\n<li>Le refus d'accorder un proc\u00e8s \u00e9quitable aux personnes arr\u00eat\u00e9es pendant les troubles de 2025-2026.<\/li>\n<\/ol>\n\n\n\n<p>En outre, le Parlement a soulign\u00e9 que <strong>la normalisation diplomatique est impossible<\/strong> jusqu'\u00e0 ce que tous les prisonniers politiques soient lib\u00e9r\u00e9s et que des mesures tangibles soient prises en faveur de l'\u00c9tat de droit.<\/p>\n\n\n\n<h2 class=\"wp-block-heading\"><strong>\u201cChaos et destruction\u201d<\/strong><\/h2>\n\n\n\n<p>Dans une \u00e9valuation s\u00e9v\u00e8re de la g\u00e9opolitique du Moyen-Orient, la r\u00e9solution d\u00e9crit le r\u00e9gime iranien comme la plus grande menace pour la stabilit\u00e9 r\u00e9gionale. Les l\u00e9gislateurs ont accus\u00e9 T\u00e9h\u00e9ran de \u201csemer le chaos et la destruction\u201d, ce qui n\u00e9cessite une pr\u00e9sence diplomatique plus forte de l'UE pour soutenir les populations vuln\u00e9rables et fournir une aide humanitaire.<\/p>\n\n\n\n<h2 class=\"wp-block-heading\">Fermer les portes du r\u00e9gime<\/h2>\n\n\n\n<p>Pour consolider ce gel diplomatique, le Parlement a applaudi le Pr\u00e9sident de la R\u00e9publique de Lituanie. <strong>Roberta Metsola's<\/strong> d'interdire aux repr\u00e9sentants du r\u00e9gime l'acc\u00e8s aux locaux du Parlement europ\u00e9en. La r\u00e9solution invite tous les \u00c9tats membres de l'UE \u00e0 suivre ce pr\u00e9c\u00e9dent, en isolant effectivement les diplomates de T\u00e9h\u00e9ran jusqu'\u00e0 ce que la violence soutenue par l'\u00c9tat cesse.<\/p>\n\n\n\n<p>Devant le Parlement de Strasbourg, des membres de la diaspora iranienne se sont rassembl\u00e9s avec des photos de victimes. Leur message \u00e9tait clair : <strong>L'Europe doit passer de la condamnation \u00e0 l'action concr\u00e8te.<\/strong><\/p>","protected":false},"excerpt":{"rendered":"<p>In a decisive move that signals a hardening stance against Tehran, the European Parliament has adopted a sweeping resolution condemning the Iranian regime&#8217;s brutal crackdown on civil unrest. Passed with a landslide majority, the resolution explicitly calls for the Islamic Revolutionary Guard Corps (IRGC) to be formally designated as a terrorist organization by the European [&hellip;]<\/p>\n","protected":false},"author":1,"featured_media":32098,"comment_status":"open","ping_status":"open","sticky":false,"template":"","format":"standard","meta":{"footnotes":""},"categories":[81,30],"tags":[],"class_list":["post-32097","post","type-post","status-publish","format-standard","has-post-thumbnail","hentry","category-human-rights-violations-in-iran","category-news"],"_links":{"self":[{"href":"https:\/\/vereinwelle.ch\/fr\/wp-json\/wp\/v2\/posts\/32097","targetHints":{"allow":["GET"]}}],"collection":[{"href":"https:\/\/vereinwelle.ch\/fr\/wp-json\/wp\/v2\/posts"}],"about":[{"href":"https:\/\/vereinwelle.ch\/fr\/wp-json\/wp\/v2\/types\/post"}],"author":[{"embeddable":true,"href":"https:\/\/vereinwelle.ch\/fr\/wp-json\/wp\/v2\/users\/1"}],"replies":[{"embeddable":true,"href":"https:\/\/vereinwelle.ch\/fr\/wp-json\/wp\/v2\/comments?post=32097"}],"version-history":[{"count":1,"href":"https:\/\/vereinwelle.ch\/fr\/wp-json\/wp\/v2\/posts\/32097\/revisions"}],"predecessor-version":[{"id":32099,"href":"https:\/\/vereinwelle.ch\/fr\/wp-json\/wp\/v2\/posts\/32097\/revisions\/32099"}],"wp:featuredmedia":[{"embeddable":true,"href":"https:\/\/vereinwelle.ch\/fr\/wp-json\/wp\/v2\/media\/32098"}],"wp:attachment":[{"href":"https:\/\/vereinwelle.ch\/fr\/wp-json\/wp\/v2\/media?parent=32097"}],"wp:term":[{"taxonomy":"category","embeddable":true,"href":"https:\/\/vereinwelle.ch\/fr\/wp-json\/wp\/v2\/categories?post=32097"},{"taxonomy":"post_tag","embeddable":true,"href":"https:\/\/vereinwelle.ch\/fr\/wp-json\/wp\/v2\/tags?post=32097"}],"curies":[{"name":"wp","href":"https:\/\/api.w.org\/{rel}","templated":true}]}}