{"id":32100,"date":"2026-01-24T09:38:10","date_gmt":"2026-01-24T08:38:10","guid":{"rendered":"https:\/\/vereinwelle.ch\/?p=32100"},"modified":"2026-01-31T21:12:02","modified_gmt":"2026-01-31T20:12:02","slug":"le-conseil-des-droits-de-lhomme-de-lonu-prolonge-le-mandat-de-liran-a-la-suite-dun-vote-historique-de-lue","status":"publish","type":"post","link":"https:\/\/vereinwelle.ch\/fr\/un-human-rights-council-extends-mandate-on-iran-following-historic-eu-vote\/","title":{"rendered":"Le Conseil des droits de l'homme des Nations unies condamne la r\u00e9pression brutale du r\u00e9gime iranien"},"content":{"rendered":"<p>A l'occasion de la <strong>39\u00e8me session extraordinaire du Conseil des droits de l'homme des Nations Unies<\/strong>, tenue le <strong>Vendredi 23 janvier 2026<\/strong> en <strong>Gen\u00e8ve, Suisse<\/strong>, La situation grave des droits de l'homme en Iran sous le r\u00e9gime de l'Union europ\u00e9enne est une r\u00e9alit\u00e9. <strong>R\u00e9gime iranien<\/strong> a \u00e9t\u00e9 examin\u00e9e, alors que la communaut\u00e9 internationale a une nouvelle fois exprim\u00e9 sa profonde inqui\u00e9tude face \u00e0 la r\u00e9pression violente des r\u00e9centes manifestations et \u00e0 la violation syst\u00e9matique des droits fondamentaux du peuple iranien.<\/p>\n\n\n\n<p>La session, \u00e0 laquelle ont particip\u00e9 des hauts fonctionnaires des Nations unies, des repr\u00e9sentants des \u00c9tats, des rapporteurs sp\u00e9ciaux et des membres de la soci\u00e9t\u00e9 civile, s'est principalement concentr\u00e9e sur les points suivants <strong>r\u00e9pression des manifestations nationales<\/strong> qui a d\u00e9but\u00e9 \u00e0 la fin du mois de d\u00e9cembre 2025, la <strong>massacre de manifestants et la mort de milliers de personnes.<\/strong>, ainsi que <strong>arrestations arbitraires, torture et violations g\u00e9n\u00e9ralis\u00e9es des libert\u00e9s fondamentales<\/strong>.<\/p>\n\n\n\n<h3 class=\"wp-block-heading\">Intervenants principaux<\/h3>\n\n\n\n<p>A l'ouverture de la session, <strong>Volker T\u00fcrk, Haut Commissaire des Nations Unies aux droits de l'homme<\/strong>, L'Assembl\u00e9e g\u00e9n\u00e9rale des Nations unies a condamn\u00e9 fermement les actions violentes men\u00e9es contre des manifestants pacifiques et a demand\u00e9 qu'il soit mis fin imm\u00e9diatement \u00e0 la r\u00e9pression.<br><strong>Mai Sato, rapporteur sp\u00e9cial des Nations unies sur la situation des droits de l'homme en Iran<\/strong>, La conf\u00e9rence, qui s'est d\u00e9roul\u00e9e \u00e0 l'occasion de la Journ\u00e9e internationale des droits de l'homme, a apport\u00e9 un \u00e9clairage critique sur les cons\u00e9quences humaines et quantitatives des manifestations et a soulign\u00e9 l'importance de mener des enqu\u00eates ind\u00e9pendantes et approfondies sur les droits de l'homme.<br>Les repr\u00e9sentants de la soci\u00e9t\u00e9 civile et des organisations de d\u00e9fense des droits de l'homme ont insist\u00e9 sur la n\u00e9cessit\u00e9 urgente de pr\u00e9server les preuves et d'aborder la question des droits de l'homme. <strong>les \u00e9ventuels crimes contre l'humanit\u00e9<\/strong>, Le Conseil de l'Europe a adopt\u00e9 une r\u00e9solution sur les droits de l'homme, exhortant les \u00c9tats membres du Conseil \u00e0 adopter une r\u00e9ponse plus ferme et plus d\u00e9cisive face aux graves violations des droits de l'homme commises par le r\u00e9gime iranien.<\/p>\n\n\n\n<h3 class=\"wp-block-heading\">Adoption de la r\u00e9solution et des mesures internationales<\/h3>\n\n\n\n<p>Apr\u00e8s un vote formel, le Conseil des droits de l'homme <strong>a adopt\u00e9 une r\u00e9solution \u00e0 une nette majorit\u00e9<\/strong>, fortement <strong>condamnant les violences commises par le r\u00e9gime iranien<\/strong>, y compris les <strong>assassinat de manifestants, arrestations massives et violations de la libert\u00e9 d'expression et de r\u00e9union pacifique<\/strong>, et demandant <strong>le plein respect des obligations internationales en mati\u00e8re de droits de l'homme<\/strong>.<br>La r\u00e9solution renforce et \u00e9tend \u00e9galement le mandat d'un groupe de travail de l'Union europ\u00e9enne. <strong>m\u00e9canisme d'enqu\u00eate international ind\u00e9pendant<\/strong> de recueillir des preuves et de faire rapport sur les violations r\u00e9centes, en vue de <strong>la future responsabilit\u00e9 juridique<\/strong>.<\/p>\n\n\n\n<h3 class=\"wp-block-heading\">Importance de la session sp\u00e9ciale<\/h3>\n\n\n\n<p>Cette session sp\u00e9ciale refl\u00e8te la <strong>une pression internationale croissante sur le r\u00e9gime iranien<\/strong> pour mettre fin \u00e0 la violation syst\u00e9matique des droits de l'homme et permettre un contr\u00f4le ind\u00e9pendant. Il d\u00e9montre \u00e9galement l'engagement continu des Nations unies et de ses \u00c9tats membres \u00e0 l'\u00e9gard des droits de l'homme. <strong>la protection des droits civils, politiques et humains du peuple iranien<\/strong>.<\/p>\n\n\n\n<p>Cette session s'inscrit dans le cadre d'efforts internationaux plus larges visant \u00e0 r\u00e9pondre \u00e0 la crise actuelle des droits de l'homme en Iran, en particulier \u00e0 la suite des r\u00e9centes manifestations de masse et de la r\u00e9ponse violente du r\u00e9gime en mati\u00e8re de s\u00e9curit\u00e9, r\u00e9affirmant ainsi l'engagement de la communaut\u00e9 internationale en faveur de la responsabilit\u00e9 et de la justice.<\/p>\n\n\n\n<h2 class=\"wp-block-heading\">Documents officiels et r\u00e9f\u00e9rences<\/h2>\n\n\n\n<script src=\"https:\/\/www.unognewsroom.org\/front\/embed.js\"><\/script><script>embedVideo('2978','5xe71qjb7r')<\/script>\n\n\n\n<p><a href=\"https:\/\/www.unognewsroom.org\/story\/en\/2978\/hrc-39th-special-session-on-iran#:~:text=The%20UN%20Human%20Rights%20Council,on%20Friday%2023%20January%202026.\" target=\"_blank\" rel=\"noopener\">https:\/\/www.unognewsroom.org\/story\/en\/2978\/hrc-39th-special-session-on-iran#:~:text=The%20UN%20Human%20Rights%20Council,on%20Friday%2023%20January%202026.<\/a><\/p>","protected":false},"excerpt":{"rendered":"<p>At the 39th Special Session of the United Nations Human Rights Council, held on Friday, 23 January 2026 in Geneva, Switzerland, the grave human rights situation in Iran under the Iranian regime was examined, as the international community once again expressed deep concern over the violent suppression of recent protests and the systematic violation of [&hellip;]<\/p>\n","protected":false},"author":1,"featured_media":32101,"comment_status":"open","ping_status":"open","sticky":false,"template":"","format":"standard","meta":{"footnotes":""},"categories":[77,30],"tags":[],"class_list":["post-32100","post","type-post","status-publish","format-standard","has-post-thumbnail","hentry","category-human-right-and-international-reporting","category-news"],"_links":{"self":[{"href":"https:\/\/vereinwelle.ch\/fr\/wp-json\/wp\/v2\/posts\/32100","targetHints":{"allow":["GET"]}}],"collection":[{"href":"https:\/\/vereinwelle.ch\/fr\/wp-json\/wp\/v2\/posts"}],"about":[{"href":"https:\/\/vereinwelle.ch\/fr\/wp-json\/wp\/v2\/types\/post"}],"author":[{"embeddable":true,"href":"https:\/\/vereinwelle.ch\/fr\/wp-json\/wp\/v2\/users\/1"}],"replies":[{"embeddable":true,"href":"https:\/\/vereinwelle.ch\/fr\/wp-json\/wp\/v2\/comments?post=32100"}],"version-history":[{"count":3,"href":"https:\/\/vereinwelle.ch\/fr\/wp-json\/wp\/v2\/posts\/32100\/revisions"}],"predecessor-version":[{"id":32120,"href":"https:\/\/vereinwelle.ch\/fr\/wp-json\/wp\/v2\/posts\/32100\/revisions\/32120"}],"wp:featuredmedia":[{"embeddable":true,"href":"https:\/\/vereinwelle.ch\/fr\/wp-json\/wp\/v2\/media\/32101"}],"wp:attachment":[{"href":"https:\/\/vereinwelle.ch\/fr\/wp-json\/wp\/v2\/media?parent=32100"}],"wp:term":[{"taxonomy":"category","embeddable":true,"href":"https:\/\/vereinwelle.ch\/fr\/wp-json\/wp\/v2\/categories?post=32100"},{"taxonomy":"post_tag","embeddable":true,"href":"https:\/\/vereinwelle.ch\/fr\/wp-json\/wp\/v2\/tags?post=32100"}],"curies":[{"name":"wp","href":"https:\/\/api.w.org\/{rel}","templated":true}]}}