{"id":32135,"date":"2026-02-27T14:34:16","date_gmt":"2026-02-27T13:34:16","guid":{"rendered":"https:\/\/vereinwelle.ch\/?p=32135"},"modified":"2026-02-27T14:34:19","modified_gmt":"2026-02-27T13:34:19","slug":"loms-condamne-les-violences-contre-le-personnel-soignant-et-les-violations-des-droits-de-lhomme-en-iran","status":"publish","type":"post","link":"https:\/\/vereinwelle.ch\/fr\/who-condemns-violence-against-healthcare-workers-amid-human-rights-violations-in-iran\/","title":{"rendered":"L'OMS condamne les violences commises \u00e0 l'encontre du personnel de sant\u00e9 dans le contexte des violations des droits de l'homme en Iran"},"content":{"rendered":"<p>La violence qui s\u00e9vit actuellement en Iran ne se limite plus \u00e0 la rue. Les h\u00f4pitaux, les m\u00e9decins et m\u00eame les patients bless\u00e9s sont de plus en plus souvent la cible de la r\u00e9pression \u00e9tatique. Les <strong>Organisation mondiale de la sant\u00e9 (OMS)<\/strong> vient de confirmer officiellement les informations selon lesquelles les forces de s\u00e9curit\u00e9 font des descentes dans les \u00e9tablissements m\u00e9dicaux et s'en prennent au personnel soignant.<\/p>\n\n\n\n<p>Directeur g\u00e9n\u00e9ral de l'OMS <strong>Tedros Adhanom Ghebreyesus<\/strong> a confirm\u00e9 que plusieurs m\u00e9decins ont \u00e9t\u00e9 arr\u00eat\u00e9s alors qu'ils soignaient des bless\u00e9s. <strong>Manifestants en Iran<\/strong>. Il a demand\u00e9 d'urgence la lib\u00e9ration imm\u00e9diate de tous les professionnels de la sant\u00e9 d\u00e9tenus, en insistant sur un principe universel : le personnel m\u00e9dical ne doit jamais \u00eatre intimid\u00e9 ou puni pour avoir prodigu\u00e9 des soins.<\/p>\n\n\n\n<h2 class=\"wp-block-heading\">H\u00f4pitaux assi\u00e9g\u00e9s : raids \u00e0 Ilam et T\u00e9h\u00e9ran<\/h2>\n\n\n\n<p>Les rapports de terrain dressent un tableau sombre de la violation de la neutralit\u00e9 m\u00e9dicale. Selon l'OMS et des t\u00e9moins locaux :<\/p>\n\n\n\n<ul class=\"wp-block-list\">\n<li><strong>H\u00f4pital Khomeini (Ilam) :<\/strong> D\u00e9but janvier, les forces de s\u00e9curit\u00e9 ont lanc\u00e9 un raid violent sur cet \u00e9tablissement. Des manifestants bless\u00e9s ont \u00e9t\u00e9 sortis de force de leur lit et les services m\u00e9dicaux ont \u00e9t\u00e9 temporairement ferm\u00e9s.<\/li>\n\n\n\n<li><strong>H\u00f4pital Sina (T\u00e9h\u00e9ran) :<\/strong> Selon certaines informations, les forces de s\u00e9curit\u00e9 auraient d\u00e9ploy\u00e9 des gaz lacrymog\u00e8nes dans l'enceinte de l'h\u00f4pital, mettant en danger les patients et le personnel.<\/li>\n\n\n\n<li><strong>Services d'urgence :<\/strong> Plus de 50 membres du personnel param\u00e9dical ont \u00e9t\u00e9 bless\u00e9s ces derni\u00e8res semaines, et plusieurs \u00e9tablissements de soins de sant\u00e9 ont subi des dommages structurels importants.<\/li>\n<\/ul>\n\n\n\n<h2 class=\"wp-block-heading\">L'Association m\u00e9dicale mondiale (AMM) demande des comptes<\/h2>\n\n\n\n<p>Les <strong>Association m\u00e9dicale mondiale (AMM)<\/strong> s'est jointe au concert de condamnations. Dans une lettre ouverte, le pr\u00e9sident de l'AMM <strong>Jacqueline Kitulu<\/strong> a d\u00e9clar\u00e9 que ces actions violaient les principes \u00e9thiques fondamentaux de la profession m\u00e9dicale et les droits de l'homme. Elle a soulign\u00e9 que les m\u00e9decins doivent pouvoir exercer leurs fonctions sans crainte, sans pression et sans ing\u00e9rence de l'\u00c9tat.<\/p>\n\n\n\n<p>Lorsque l'acte de sauver une vie est consid\u00e9r\u00e9 comme une infraction p\u00e9nale, le r\u00e9gime ne se contente pas de lutter contre les manifestants ; il d\u00e9clare la guerre au droit \u00e0 la sant\u00e9 et au droit \u00e0 la vie lui-m\u00eame.<\/p>\n\n\n\n<h2 class=\"wp-block-heading\">La criminalisation des soins : le cas du Dr Alireza Golchini<\/h2>\n\n\n\n<p>L'exemple le plus effrayant de ces <strong>violations des droits de l'homme en Iran<\/strong> est le cas du chirurgien <strong>Dr. Alireza Golchini<\/strong>.<\/p>\n\n\n\n<p>Le 10 janvier 2026, le Dr Golchini a \u00e9t\u00e9 violemment arr\u00eat\u00e9 \u00e0 son domicile de Ghazvin devant sa famille. Son \u201ccrime\u201d a \u00e9t\u00e9 de d\u00e9clarer publiquement qu'il \u00e9tait pr\u00eat \u00e0 fournir un traitement m\u00e9dical \u00e0 tout manifestant bless\u00e9. Pour cet acte professionnel, il a \u00e9t\u00e9 accus\u00e9 de <strong>\u201cMoharebeh\u201d (guerre contre Dieu)<\/strong>-une charge qui porte la <strong>peine de mort<\/strong> en Iran.<\/p>\n\n\n\n<p>De m\u00eame, <strong>Dr. Ameneh Soleimani<\/strong> d'Ardabil a \u00e9t\u00e9 arr\u00eat\u00e9 pour avoir port\u00e9 secours \u00e0 des bless\u00e9s. Ces cas t\u00e9moignent d'une strat\u00e9gie claire : en criminalisant l'assistance m\u00e9dicale, le r\u00e9gime esp\u00e8re que les manifestants n'auront plus d'endroit s\u00fbr o\u00f9 se tourner.<\/p>\n\n\n\n<h2 class=\"wp-block-heading\">Agissez : prot\u00e9gez ceux qui sauvent des vies<\/h2>\n\n\n\n<p>La communaut\u00e9 internationale ne peut rester silencieuse alors que des m\u00e9decins sont condamn\u00e9s \u00e0 mort pour avoir respect\u00e9 leur serment d'Hippocrate. Nous devons agir pour prot\u00e9ger les gu\u00e9risseurs.<\/p>\n\n\n\n<ul class=\"wp-block-list\">\n<li><strong>Sensibilisation :<\/strong> Partagez les histoires du Dr Alireza Golchini et du Dr Ameneh Soleimani. L'anonymat est le meilleur alli\u00e9 du r\u00e9gime.<\/li>\n\n\n\n<li><strong>Exigez des pressions diplomatiques :<\/strong> Contactez vos repr\u00e9sentants et demandez-leur de soutenir les r\u00e9solutions internationales prot\u00e9geant la neutralit\u00e9 m\u00e9dicale en Iran.<\/li>\n\n\n\n<li><strong>Documentation d'appui :<\/strong> Aide <strong>Verein Welle<\/strong> poursuivre notre mission consistant \u00e0 documenter ces atrocit\u00e9s et \u00e0 fournir les preuves n\u00e9cessaires pour que les responsables l\u00e9gaux puissent \u00e0 l'avenir rendre compte de leurs actes.<\/li>\n<\/ul>\n\n\n\n<p><strong>Le monde nous regarde. Les soins m\u00e9dicaux sont un droit de l'homme, pas un crime.<\/strong><\/p>","protected":false},"excerpt":{"rendered":"<p>The violence currently sweeping through Iran is no longer confined to the streets. Hospitals, doctors, and even wounded patients are increasingly becoming targets of state repression. The World Health Organization (WHO) has now officially confirmed reports that security forces are raiding medical facilities and attacking healthcare personnel. WHO Director-General Tedros Adhanom Ghebreyesus has confirmed that [&hellip;]<\/p>\n","protected":false},"author":1,"featured_media":32136,"comment_status":"open","ping_status":"open","sticky":false,"template":"","format":"standard","meta":{"footnotes":""},"categories":[30,81],"tags":[],"class_list":["post-32135","post","type-post","status-publish","format-standard","has-post-thumbnail","hentry","category-news","category-human-rights-violations-in-iran"],"_links":{"self":[{"href":"https:\/\/vereinwelle.ch\/fr\/wp-json\/wp\/v2\/posts\/32135","targetHints":{"allow":["GET"]}}],"collection":[{"href":"https:\/\/vereinwelle.ch\/fr\/wp-json\/wp\/v2\/posts"}],"about":[{"href":"https:\/\/vereinwelle.ch\/fr\/wp-json\/wp\/v2\/types\/post"}],"author":[{"embeddable":true,"href":"https:\/\/vereinwelle.ch\/fr\/wp-json\/wp\/v2\/users\/1"}],"replies":[{"embeddable":true,"href":"https:\/\/vereinwelle.ch\/fr\/wp-json\/wp\/v2\/comments?post=32135"}],"version-history":[{"count":1,"href":"https:\/\/vereinwelle.ch\/fr\/wp-json\/wp\/v2\/posts\/32135\/revisions"}],"predecessor-version":[{"id":32137,"href":"https:\/\/vereinwelle.ch\/fr\/wp-json\/wp\/v2\/posts\/32135\/revisions\/32137"}],"wp:featuredmedia":[{"embeddable":true,"href":"https:\/\/vereinwelle.ch\/fr\/wp-json\/wp\/v2\/media\/32136"}],"wp:attachment":[{"href":"https:\/\/vereinwelle.ch\/fr\/wp-json\/wp\/v2\/media?parent=32135"}],"wp:term":[{"taxonomy":"category","embeddable":true,"href":"https:\/\/vereinwelle.ch\/fr\/wp-json\/wp\/v2\/categories?post=32135"},{"taxonomy":"post_tag","embeddable":true,"href":"https:\/\/vereinwelle.ch\/fr\/wp-json\/wp\/v2\/tags?post=32135"}],"curies":[{"name":"wp","href":"https:\/\/api.w.org\/{rel}","templated":true}]}}