{"id":32318,"date":"2026-04-25T14:21:12","date_gmt":"2026-04-25T12:21:12","guid":{"rendered":"https:\/\/vereinwelle.ch\/?p=32318"},"modified":"2026-04-25T14:21:52","modified_gmt":"2026-04-25T12:21:52","slug":"protestation-a-genf-contre-lincineration-danimaux-en-iran","status":"publish","type":"post","link":"https:\/\/vereinwelle.ch\/fr\/protestaktion-in-genf-gegen-die-hinrichtung-von-gefangenen-im-iran\/","title":{"rendered":"La guerre \u00e0 Genf contre l'enrichissement des armes \u00e0 feu en Iran"},"content":{"rendered":"<p>Le 24 avril, un groupe de militantes et militants des droits de l'homme s'est rendu \u00e0 Genf pour participer \u00e0 une manifestation visant \u00e0 emp\u00eacher la diffusion d'informations et l'\u00e9limination des victimes en Iran.<\/p>\n\n\n\n<p>L'action s'est d\u00e9roul\u00e9e dans le voisinage d'institutions internationales et a donn\u00e9 lieu \u00e0 une exposition de photos avec des images de personnalit\u00e9s politiques. Les membres de l'\u00e9quipe ont pris des photos des participants dans les salles et se sont efforc\u00e9s de trouver un stimulant pour les jeunes qui, dans les situations de crise, sous l'effet d'une forte pression et d'une forte intensit\u00e9, sont toujours pr\u00e9sents et n'ont pas de raison d'\u00eatre.<\/p>\n\n\n\n<p>La situation actuelle des r\u00e9fugi\u00e9s - en particulier la condamnation de plusieurs d\u00e9put\u00e9s politiques dans le district de Ghezal Hesar, qui a fait basculer la situation de leur vie - est d'une importance capitale pour l'avenir.<\/p>\n\n\n\n<p>C'est ainsi que les partenaires, \u00e0 l'instar des plus jeunes institutions, ont \u00e9t\u00e9 avertis de la n\u00e9cessit\u00e9 de mettre en \u0153uvre cette \u00e9volution et de cr\u00e9er une r\u00e9action durable au sein de la communaut\u00e9 internationale.<\/p>\n\n\n\n<p>Les Organisateurs et Organisatrices s'accordent \u00e0 dire que l'action de l'Union europ\u00e9enne, en s'appuyant sur ces d\u00e9veloppements, doit permettre de lutter contre les atteintes plus graves aux droits de l'homme. Ils incitent les institutions internationales \u00e0 faire en sorte que la vie politique des victimes soit perturb\u00e9e par une surveillance et un contr\u00f4le insuffisants.<\/p>\n\n\n\n<p>Cette action s'inscrit dans le cadre des efforts d\u00e9ploy\u00e9s pour que la communaut\u00e9 internationale s'int\u00e9resse \u00e0 la situation des victimes en Iran et que d'autres mesures d'incitation et de r\u00e9pression soient mises en \u0153uvre.<\/p>\n\n\n\n<figure class=\"wp-block-image size-full is-resized\"><img fetchpriority=\"high\" decoding=\"async\" width=\"432\" height=\"749\" src=\"https:\/\/vereinwelle.ch\/wp-content\/uploads\/2026\/04\/WhatsApp-Image-2026-04-25-at-14.17.30-1.jpeg\" alt=\"\" class=\"wp-image-32321\" style=\"aspect-ratio:0.5767722284808278;width:328px;height:auto\" srcset=\"https:\/\/vereinwelle.ch\/wp-content\/uploads\/2026\/04\/WhatsApp-Image-2026-04-25-at-14.17.30-1.jpeg 432w, https:\/\/vereinwelle.ch\/wp-content\/uploads\/2026\/04\/WhatsApp-Image-2026-04-25-at-14.17.30-1-173x300.jpeg 173w, https:\/\/vereinwelle.ch\/wp-content\/uploads\/2026\/04\/WhatsApp-Image-2026-04-25-at-14.17.30-1-7x12.jpeg 7w\" sizes=\"(max-width: 432px) 100vw, 432px\" \/><\/figure>","protected":false},"excerpt":{"rendered":"<p>Am 24 April versammelte sich eine Gruppe von Menschenrechtsaktivistinnen und -aktivisten in Genf zu einer Protestaktion, um die Welle von Hinrichtungen und die Unterdr\u00fcckung von Gefangenen im Iran zu verurteilen. Die Aktion fand in der N\u00e4he internationaler Institutionen statt und umfasste eine Strassenausstellung mit Bildern politischer Gefangener. Die Teilnehmenden hielten Fotos der Inhaftierten in den [&hellip;]<\/p>\n","protected":false},"author":3,"featured_media":32319,"comment_status":"open","ping_status":"open","sticky":false,"template":"","format":"standard","meta":{"footnotes":""},"categories":[32],"tags":[34,35],"class_list":["post-32318","post","type-post","status-publish","format-standard","has-post-thumbnail","hentry","category-activities","tag-human-rights","tag-iran"],"_links":{"self":[{"href":"https:\/\/vereinwelle.ch\/fr\/wp-json\/wp\/v2\/posts\/32318","targetHints":{"allow":["GET"]}}],"collection":[{"href":"https:\/\/vereinwelle.ch\/fr\/wp-json\/wp\/v2\/posts"}],"about":[{"href":"https:\/\/vereinwelle.ch\/fr\/wp-json\/wp\/v2\/types\/post"}],"author":[{"embeddable":true,"href":"https:\/\/vereinwelle.ch\/fr\/wp-json\/wp\/v2\/users\/3"}],"replies":[{"embeddable":true,"href":"https:\/\/vereinwelle.ch\/fr\/wp-json\/wp\/v2\/comments?post=32318"}],"version-history":[{"count":2,"href":"https:\/\/vereinwelle.ch\/fr\/wp-json\/wp\/v2\/posts\/32318\/revisions"}],"predecessor-version":[{"id":32323,"href":"https:\/\/vereinwelle.ch\/fr\/wp-json\/wp\/v2\/posts\/32318\/revisions\/32323"}],"wp:featuredmedia":[{"embeddable":true,"href":"https:\/\/vereinwelle.ch\/fr\/wp-json\/wp\/v2\/media\/32319"}],"wp:attachment":[{"href":"https:\/\/vereinwelle.ch\/fr\/wp-json\/wp\/v2\/media?parent=32318"}],"wp:term":[{"taxonomy":"category","embeddable":true,"href":"https:\/\/vereinwelle.ch\/fr\/wp-json\/wp\/v2\/categories?post=32318"},{"taxonomy":"post_tag","embeddable":true,"href":"https:\/\/vereinwelle.ch\/fr\/wp-json\/wp\/v2\/tags?post=32318"}],"curies":[{"name":"wp","href":"https:\/\/api.w.org\/{rel}","templated":true}]}}